[{"@context":"https:\/\/schema.org\/","@type":"Article","@id":"https:\/\/www.illusio.cz\/zdravi-je-dulezite\/#Article","mainEntityOfPage":"https:\/\/www.illusio.cz\/zdravi-je-dulezite\/","headline":"Zdrav\u00ed je d\u016fle\u017eit\u00e9","name":"Zdrav\u00ed je d\u016fle\u017eit\u00e9","description":"Zdrav\u00ed pro m\u011b v\u017edycky bylo na prvn\u00edm m\u00edst\u011b. A v\u016fbec bych nev\u011bd\u011bla, co bych d\u011blala, kdybych byla st\u00e1le nemocn\u00e1. A tohle v\u00e1m m\u016f\u017eu potvrdit. Proto\u017ee","datePublished":"2022-05-27","dateModified":"2023-05-03","author":{"@type":"Person","@id":"https:\/\/www.illusio.cz\/author\/#Person","name":"","url":"https:\/\/www.illusio.cz\/author\/","identifier":1,"image":{"@type":"ImageObject","@id":"https:\/\/secure.gravatar.com\/avatar\/e4532b7f65738965bbad8697e5bd54c0628af7bffe8d3c856885c44d86978cee?s=96&d=mm&r=g","url":"https:\/\/secure.gravatar.com\/avatar\/e4532b7f65738965bbad8697e5bd54c0628af7bffe8d3c856885c44d86978cee?s=96&d=mm&r=g","height":96,"width":96}},"publisher":{"@type":"Organization","name":"illusio.cz","logo":{"@type":"ImageObject","@id":"\/logo.png","url":"\/logo.png","width":600,"height":60}},"image":{"@type":"ImageObject","@id":"https:\/\/www.illusio.cz\/wp-content\/uploads\/vegetables-752153_960_720.jpg","url":"https:\/\/www.illusio.cz\/wp-content\/uploads\/vegetables-752153_960_720.jpg","height":0,"width":0},"url":"https:\/\/www.illusio.cz\/zdravi-je-dulezite\/","about":["Zdrav\u00ed"],"wordCount":414,"articleBody":"Zdrav\u00ed pro m\u011b v\u017edycky bylo na prvn\u00edm m\u00edst\u011b. A v\u016fbec bych nev\u011bd\u011bla, co bych d\u011blala, kdybych byla st\u00e1le nemocn\u00e1. A tohle v\u00e1m m\u016f\u017eu potvrdit. Proto\u017ee m\u00e1m kamar\u00e1dku, kter\u00e1 je opravdu st\u00e1le nemocn\u00e1. Kamar\u00e1dka trp\u00ed st\u00e1le na n\u011bjak\u00e9 ch\u0159ipky anebo ang\u00edny. Nikdy nezapomenu na ten \u0161kared\u00fd den, kdy\u017e jsme s kamar\u00e1dkou jeli k M\u00e1chovu jezeru. Byla to na\u0161e prvn\u00ed spole\u010dn\u00e1 takov\u00e1 dovolen\u00e1, proto\u017ee jsme m\u011bly \u010derstv\u011b po st\u0159edn\u00ed \u0161kole.Byly jsme u M\u00e1chova jezera druh\u00fd den, kdy\u017e kamar\u00e1dka dostala velkou bolest v krku. A za\u010dal ji\u00a0ot\u00e9kat\u00a0krk a j\u00e1 jsem nev\u011bd\u011bla, co m\u00e1m s kamar\u00e1dkou ud\u011blat. Nakonec to dopadlo tak, \u017ee jsme musely zavolat zdravotn\u00ed slu\u017ebu, aby kamar\u00e1dce pomohla. Nakonec zjistili zlat\u00e9ho\u00a0stafylokoka. Mus\u00edm \u0159\u00edct, \u017ee jsem tohle slovo sly\u0161ela poprv\u00e9 a m\u011bla jsem opravdu velk\u00fd strach. Opravdu to zn\u011blo stra\u0161n\u011b a j\u00e1 si \u0159ekla, \u017ee zdrav\u00ed je opravdu na prvn\u00edm m\u00edst\u011b. Proto jsem taky si kamar\u00e1dkou \u0159ekla, \u017ee by se kamar\u00e1dka m\u011bla po\u0159\u00e1dn\u011b vyl\u00e9\u010dit a aby v nemocnici zjistili, pro\u010d m\u00e1 st\u00e1le ang\u00edny. Od t\u00e9 doby se to s n\u00ed opravdu t\u00e1hne.Nen\u00ed rok, aby t\u0159eba t\u0159ikr\u00e1t nebo \u010dty\u0159ikr\u00e1t do roka nem\u011bla ang\u00ednu anebo ch\u0159ipku. Je mi kamar\u00e1dky opravdu moc l\u00edto, proto\u017ee jakmile kamar\u00e1dka zm\u011bn\u00ed prost\u0159ed\u00ed, ihned j\u00ed za\u010dne ot\u00e9kat krk anebo dostane ch\u0159ipku. A jak je tohle v\u016fbec mo\u017en\u00e9? Kdy\u017e jsem se ptala l\u00e9ka\u0159e, tak \u0159ekl, \u017ee na to m\u016f\u017ee b\u00fdt t\u0159eba kamar\u00e1dka h\u00e1kliv\u00e1. To jako\u00a0v\u00e1\u017en\u011b? A s kamar\u00e1dkou chceme p\u0159\u00ed\u0161t\u00ed rok k mo\u0159i, chceme do Chorvatska. Jenom\u017ee nev\u00edme, co\u00a0bychom\u00a0d\u011blaly, kdyby se tam kamar\u00e1dce porouchalo n\u011bjak zdrav\u00ed. A v\u016fbec nev\u00edm, co\u00a0bychom\u00a0d\u011blaly potom v Chorvatsku, kdyby m\u011bla kamar\u00e1dka st\u00e1le ang\u00ednu anebo ch\u0159ipku. No, mo\u017en\u00e1 to asi riskneme. A vy byste do toho \u0161li i za cenu\u00a0zdrav\u00ed? Je sice hodn\u011b zp\u016fsob\u016f, jak se l\u00e9\u010dit sama bez l\u00e9ka\u0159e, ale zase je v\u00e1\u017en\u011b lep\u0161\u00ed, kdy\u017e se \u010dlov\u011bk vyl\u00e9\u010d\u00ed a to po\u0159\u00e1dn\u011b, aby se mu to nevracelo.                                                                                                                                                                                                                                                                                                                                                                                                "},{"@context":"https:\/\/schema.org\/","@type":"BreadcrumbList","itemListElement":[{"@type":"ListItem","position":1,"name":"Zdrav\u00ed je d\u016fle\u017eit\u00e9","item":"https:\/\/www.illusio.cz\/zdravi-je-dulezite\/#breadcrumbitem"}]}]