[{"@context":"https:\/\/schema.org\/","@type":"Article","@id":"https:\/\/www.illusio.cz\/zajimave-zabradli\/#Article","mainEntityOfPage":"https:\/\/www.illusio.cz\/zajimave-zabradli\/","headline":"Zaj\u00edmav\u00e9 z\u00e1bradl\u00ed","name":"Zaj\u00edmav\u00e9 z\u00e1bradl\u00ed","description":"V\u017edycky jsem cht\u011bla, aby m\u016fj interi\u00e9r byl v\u017edycky n\u011b\u010d\u00edm zaj\u00edmav\u00fd. A kdy\u017e jsem chodila ke kamar\u00e1dk\u00e1m, tak to u v\u0161ech vypadalo skoro stejn\u011b, n\u011bkdy jsem","datePublished":"2022-08-21","dateModified":"2022-08-21","author":{"@type":"Person","@id":"https:\/\/www.illusio.cz\/author\/#Person","name":"","url":"https:\/\/www.illusio.cz\/author\/","identifier":1,"image":{"@type":"ImageObject","@id":"https:\/\/secure.gravatar.com\/avatar\/e4532b7f65738965bbad8697e5bd54c0628af7bffe8d3c856885c44d86978cee?s=96&d=mm&r=g","url":"https:\/\/secure.gravatar.com\/avatar\/e4532b7f65738965bbad8697e5bd54c0628af7bffe8d3c856885c44d86978cee?s=96&d=mm&r=g","height":96,"width":96}},"publisher":{"@type":"Organization","name":"illusio.cz","logo":{"@type":"ImageObject","@id":"\/logo.png","url":"\/logo.png","width":600,"height":60}},"image":{"@type":"ImageObject","@id":"https:\/\/www.illusio.cz\/wp-content\/uploads\/staircase-2292016_960_720.jpg","url":"https:\/\/www.illusio.cz\/wp-content\/uploads\/staircase-2292016_960_720.jpg","height":0,"width":0},"url":"https:\/\/www.illusio.cz\/zajimave-zabradli\/","wordCount":471,"articleBody":"   V\u017edycky jsem cht\u011bla, aby m\u016fj interi\u00e9r byl v\u017edycky n\u011b\u010d\u00edm zaj\u00edmav\u00fd. A kdy\u017e jsem chodila ke kamar\u00e1dk\u00e1m, tak to u v\u0161ech vypadalo skoro stejn\u011b, n\u011bkdy jsem si \u0159\u00edkala, \u017ee je to i jako p\u0159es kop\u00edr\u00e1k. A proto\u017ee zrovna p\u0159\u00edtel d\u011blal druh\u00e9 poschod\u00ed, tak jsem si \u0159ekla, \u017ee to cel\u00e9 druh\u00e9 poschod\u00ed bude podle m\u011b. Proto\u017ee hlavn\u011b ob\u00fdv\u00e1k za\u0159izoval m\u016fj p\u0159\u00edtel. Proto\u017ee p\u0159\u00edtel pracuje hlavn\u011b doma, je na home office, tak\u017ee cht\u011bl m\u00edt ob\u00fdv\u00e1k hlavn\u011b podle sv\u00e9ho. Tak\u017ee v ob\u00fdv\u00e1ku m\u00e1 v rohu takov\u00fd koutek, kter\u00fd je pouze jeho. M\u00e1 tam svou velkou sk\u0159\u00ed\u0148 a taky sv\u016fj st\u016fl se \u017eidl\u00ed a opravdu ka\u017ed\u00fd den poctiv\u011b pracuje. A m\u011b se to vlastn\u011b hod\u00ed, \u017ee je doma. J\u00e1 alespo\u0148 nemus\u00edm \u010dekat na po\u0161tu, proto\u017ee si st\u00e1le n\u011bco objedn\u00e1v\u00e1m a v\u011bt\u0161inou nejsem doma, tak\u017ee si pro bal\u00edky proto mus\u00edm chodit na po\u0161tu. A to je opravdu nudn\u00e9. A tak jsem p\u0159\u00edteli \u0159ekla, \u017ee si chci ud\u011blat druh\u00e9 poschod\u00ed podle sebe.A on na\u0161t\u011bst\u00ed souhlasil. Ihned jsem mu tedy \u0159ekla, \u017ee bych cht\u011bla do druh\u00e9ho patra nerezov\u00e9 z\u00e1bradl\u00ed. P\u0159\u00edtel se divil, pro\u010d bych cht\u011bla zrovna nerezov\u00e9 z\u00e1bradl\u00ed. J\u00e1 jsem mu \u0159ekla, \u017ee se mi jednodu\u0161e l\u00edb\u00ed. \u017de sta\u010d\u00ed p\u0159ijet nerezov\u00e9 z\u00e1bradl\u00ed pouze such\u00fdm had\u0159\u00edkem a u\u017e se leskne. \u017de se na tom ned\u011blaj\u00ed \u017e\u00e1dn\u00e9 fleky a \u017ee nebude ani vrzat jako d\u0159evo.Mysl\u00edm si, \u017ee nerezov\u00e9 z\u00e1bradl\u00ed m\u00e1 v\u00edce p\u0159ednost\u00ed ne\u017e m\u00ednus\u016f. Nav\u00edc taky nerezov\u00e9 z\u00e1bradl\u00ed m\u00e1 tu v\u00fdhodu, \u017ee je pevn\u00e9 a hodn\u011b toho unese. Tak\u017ee j\u00e1 si na to nerezov\u00e9 z\u00e1bradl\u00ed v poklidu mohu d\u00e1t kv\u011btin\u00e1\u010de a r\u016fzn\u00e9 dekorace, proto\u017ee se mi to hodn\u011b l\u00edb\u00ed. To m\u00e1te vid\u011bt, jak na\u0161e spodn\u00ed schodi\u0161t\u011b vypad\u00e1, kdy\u017e jsou V\u00e1noce http:\/\/zamek.namestnahane.cz\/modules\/tableadmin2\/external\/imageext_new.php%3Fmodal%3Dtrue%26image%3DWG9%252BY3N%252BaW1nOTIxMS5qcGd%252BZ2FsZXJpZX5vYnJhemVrX2NvdW50ZXJ%252BNjQwfmdhbGVyaWV%252BMX4yMn5vWQ%253D%253D%26width%3D1024%26height%3D683  To cel\u00e9 doln\u00ed z\u00e1bradl\u00ed sv\u00edt\u00ed sv\u011bt\u00fdlky a v\u0161ude jsou v\u00e1no\u010dn\u00ed dekorace a m\u016fj p\u0159\u00edtel z toho n\u011bkdy \u0161\u00edl\u00ed. tak\u017ee se t\u011b\u0161\u00edm na leto\u0161n\u00ed V\u00e1noce. Proto\u017ee budu m\u00edt dal\u0161\u00ed schodi\u0161t\u011b, kter\u00e9 taky budu ov\u011b\u0161ovat r\u016fzn\u00fdmi barevn\u00fdmi dopl\u0148ky. A jak\u00e9 z\u00e1bradl\u00ed by se l\u00edbilo v\u00e1m? Co byste \u0159ekli taky na nerezov\u00e9 z\u00e1bradl\u00ed?                                                                                                                                                                                                                                                                                                                                                                                                  "},{"@context":"https:\/\/schema.org\/","@type":"BreadcrumbList","itemListElement":[{"@type":"ListItem","position":1,"name":"Zaj\u00edmav\u00e9 z\u00e1bradl\u00ed","item":"https:\/\/www.illusio.cz\/zajimave-zabradli\/#breadcrumbitem"}]}]