[{"@context":"https:\/\/schema.org\/","@type":"Article","@id":"https:\/\/www.illusio.cz\/strach-je-v-zivote-naprosto-normalni\/#Article","mainEntityOfPage":"https:\/\/www.illusio.cz\/strach-je-v-zivote-naprosto-normalni\/","headline":"Strach je v \u017eivot\u011b naprosto norm\u00e1ln\u00ed","name":"Strach je v \u017eivot\u011b naprosto norm\u00e1ln\u00ed","description":"Ka\u017ed\u00fd \u010dlov\u011bk m\u00e1 svoji touhu po n\u011b\u010dem. Rozhodn\u011b je v\u017edycky d\u016fle\u017eit\u00e9 p\u0159ij\u00edt na to, jakou touhu m\u00e1me a co chceme v \u017eivot\u011b d\u011blat. Rozhodn\u011b je","datePublished":"2024-05-18","dateModified":"2024-05-18","author":{"@type":"Person","@id":"https:\/\/www.illusio.cz\/author\/#Person","name":"","url":"https:\/\/www.illusio.cz\/author\/","identifier":1,"image":{"@type":"ImageObject","@id":"https:\/\/secure.gravatar.com\/avatar\/e4532b7f65738965bbad8697e5bd54c0628af7bffe8d3c856885c44d86978cee?s=96&d=mm&r=g","url":"https:\/\/secure.gravatar.com\/avatar\/e4532b7f65738965bbad8697e5bd54c0628af7bffe8d3c856885c44d86978cee?s=96&d=mm&r=g","height":96,"width":96}},"publisher":{"@type":"Organization","name":"illusio.cz","logo":{"@type":"ImageObject","@id":"\/logo.png","url":"\/logo.png","width":600,"height":60}},"image":{"@type":"ImageObject","@id":"https:\/\/www.illusio.cz\/wp-content\/uploads\/audi-798530_640_5.jpg","url":"https:\/\/www.illusio.cz\/wp-content\/uploads\/audi-798530_640_5.jpg","height":0,"width":0},"url":"https:\/\/www.illusio.cz\/strach-je-v-zivote-naprosto-normalni\/","about":["Auto"],"wordCount":419,"articleBody":"Ka\u017ed\u00fd \u010dlov\u011bk m\u00e1 svoji touhu po n\u011b\u010dem. Rozhodn\u011b je v\u017edycky d\u016fle\u017eit\u00e9 p\u0159ij\u00edt na to, jakou touhu m\u00e1me a co chceme v \u017eivot\u011b d\u011blat. Rozhodn\u011b je v prvn\u00ed \u0159ad\u011b pot\u0159eba pracovat, proto\u017ee kdy\u017e budeme pracovat, hlavn\u011b budeme m\u00edt pen\u00edze, za kter\u00e9 si potom m\u016f\u017eeme koupit to, co chceme a co si p\u0159ejeme. M\u00edt pen\u00edze je opravdu kr\u00e1sn\u00fd pocit, kter\u00fd n\u00e1s povznese nad t\u00edm v\u0161\u00edm, a potom si m\u016f\u017eeme cokoliv dovolit. Pen\u00edze n\u00e1m d\u00e1vaj\u00ed opravdu velkou jistotu, proto\u017ee jistota pen\u011bz je pro \u017eivot d\u016fle\u017eit\u00e1, a za n\u011b si m\u016f\u017eeme koupit cokoliv, na co si uk\u00e1\u017eeme. Proto je v \u017eivot\u011b d\u016fle\u017eit\u00e9 bojovat a sna\u017eit se naj\u00edt sv\u00e9 c\u00edle, kter\u00fdch chceme doc\u00edlit, a potom se n\u00e1m spln\u00ed to, po \u010dem tou\u017e\u00edme. V \u017eivot\u011b bychom si opravdu m\u011bli ud\u011blat radost, proto\u017ee kdy\u017e budete chodit do pr\u00e1ce, tak najednou zjist\u00edme, \u017ee si m\u016f\u017eeme koupit t\u0159eba auto. Takov\u00e9 auto je opravdu velice d\u016fle\u017eit\u00e9 pro n\u00e1\u0161 ka\u017edodenn\u00ed den, proto\u017ee bez auta se prost\u011b v dne\u0161n\u00ed dob\u011b skoro nikdo neobejde. Kdy\u017e auto nem\u00e1me, mus\u00edme jezdit autobusem, mus\u00edme jezdit vlakem. N\u011bkdy je to prost\u011b pro \u010dlov\u011bka velice zat\u011b\u017euj\u00edc\u00ed tento zp\u016fsob hromadn\u00e9 dopravy, proto\u017ee se kolikr\u00e1t nemus\u00edme dostat ani nikam v\u010das. Pokud bydl\u00edte n\u011bkde na vesnici, kde jsou opravdu \u0161patn\u00e9 spoje autobus\u016f a vlak\u016f, tak rozhodn\u011b se bez auta takov\u00fd \u010dlov\u011bk neobejde. Pro n\u011bkoho je velmi stresuj\u00edc\u00ed to, \u017ee prost\u011b ne\u0159\u00edd\u00ed, nebo \u017ee se prost\u011b boj\u00ed.\u00a0V \u017eivot\u011b je strach pro n\u00e1s velmi norm\u00e1ln\u00ed a d\u011bje se v n\u00e1s v \u010dlov\u011bku velmi b\u011b\u017en\u011b. My ale mus\u00edme tento strach p\u0159ekonat a sna\u017eit se naj\u00edt jin\u00e9 \u0159e\u0161en\u00ed, kter\u00e9 n\u00e1s bude motivovat k tomu, abychom strach u\u017e nem\u011bli. Jakmile chod\u00edte do pr\u00e1ce, tak najednou v\u0161ichni v\u00edme, \u017ee si potom m\u016f\u017eeme cokoliv dovolit, a kdy\u017e k tomu budete je\u0161t\u011b \u0159\u00eddit a m\u00edt auto, tak je to pro n\u00e1s dvojn\u00e1sobn\u011b lep\u0161\u00ed. Tak\u017ee v prv\u00e9 \u0159ad\u011b je v\u017edycky pot\u0159eba zahodit strach a potom bude v\u0161echno. Ka\u017ed\u00fd \u010dlov\u011bk si m\u016f\u017ee splnit opravdu sv\u00e9 kr\u00e1sn\u00e9 p\u0159\u00e1n\u00ed.                                                                                                                                                                                                                                                                                                                                                                                                "},{"@context":"https:\/\/schema.org\/","@type":"BreadcrumbList","itemListElement":[{"@type":"ListItem","position":1,"name":"Strach je v \u017eivot\u011b naprosto norm\u00e1ln\u00ed","item":"https:\/\/www.illusio.cz\/strach-je-v-zivote-naprosto-normalni\/#breadcrumbitem"}]}]