[{"@context":"https:\/\/schema.org\/","@type":"Article","@id":"https:\/\/www.illusio.cz\/co-vy-a-politika\/#Article","mainEntityOfPage":"https:\/\/www.illusio.cz\/co-vy-a-politika\/","headline":"Co vy a politika?","name":"Co vy a politika?","description":"Sledujete politick\u00e9 d\u011bn\u00ed? Pokud ne, tak j\u00e1 se m\u00e1m ani nediv\u00edm. Zn\u00e1m toti\u017e opravdu mnoho lid\u00ed a taky mnoho p\u0159\u00edpad\u016f, kdy lid\u00e9 v\u016fbec nesleduji \u017e\u00e1dn\u00e9","datePublished":"2022-05-28","dateModified":"2023-05-03","author":{"@type":"Person","@id":"https:\/\/www.illusio.cz\/author\/#Person","name":"","url":"https:\/\/www.illusio.cz\/author\/","identifier":1,"image":{"@type":"ImageObject","@id":"https:\/\/secure.gravatar.com\/avatar\/e4532b7f65738965bbad8697e5bd54c0628af7bffe8d3c856885c44d86978cee?s=96&d=mm&r=g","url":"https:\/\/secure.gravatar.com\/avatar\/e4532b7f65738965bbad8697e5bd54c0628af7bffe8d3c856885c44d86978cee?s=96&d=mm&r=g","height":96,"width":96}},"publisher":{"@type":"Organization","name":"illusio.cz","logo":{"@type":"ImageObject","@id":"\/logo.png","url":"\/logo.png","width":600,"height":60}},"image":{"@type":"ImageObject","@id":"https:\/\/www.illusio.cz\/wp-content\/uploads\/businessmen-3468241_960_720.jpg","url":"https:\/\/www.illusio.cz\/wp-content\/uploads\/businessmen-3468241_960_720.jpg","height":0,"width":0},"url":"https:\/\/www.illusio.cz\/co-vy-a-politika\/","about":["Politika"],"wordCount":430,"articleBody":"Sledujete politick\u00e9 d\u011bn\u00ed? Pokud ne, tak j\u00e1 se m\u00e1m ani nediv\u00edm. Zn\u00e1m toti\u017e opravdu mnoho lid\u00ed a taky mnoho p\u0159\u00edpad\u016f, kdy lid\u00e9 v\u016fbec nesleduji \u017e\u00e1dn\u00e9 politick\u00e9 d\u011bn\u00ed, proto\u017ee pr\u00fd by se zbl\u00e1znili. Taky mus\u00edm \u0159\u00edct, \u017ee se mi kolikr\u00e1t ani nevyplatilo, \u017ee bych se s n\u011bk\u00fdm bavila o politice. A n\u011bkdy z toho vznikaj\u00ed taky nep\u0159\u00edjemn\u00e9 a \u010dast\u00e9 h\u00e1dky. Nap\u0159\u00edklad m\u016fj bratr se se svou p\u0159\u00edtelkyn\u00ed st\u00e1le h\u00e1d\u00e1, a to jenom kv\u016fli tomu, \u017ee ka\u017ed\u00fd m\u00e1 jin\u00fd n\u00e1zor na politiku a politick\u00e9 d\u011bn\u00ed.Podle m\u00e9ho n\u00e1zoru je tohle opravdov\u00e1 \u0161koda. Pro\u010d by se n\u011bjak\u00fd p\u00e1r m\u011bl h\u00e1dat, kter\u00fd se miluje, h\u00e1dat jenom kv\u016fli tomu, \u017ee maj\u00ed odli\u0161n\u00fd n\u00e1zor na politiku? Kdybych to tady m\u011bla j\u00e1 s p\u0159\u00edtelem, tak by se na politiku asi vyka\u0161lala a \u017eila bych sv\u016fj l\u00e1skypln\u00fd \u017eivot s partnerem. Ne m\u00e1m opravdu r\u00e1da, kdy\u017e by se mi n\u011bkdo do na\u0161eho vztahu n\u011bjak vrt\u00e1 anebo mot\u00e1. A u\u017e bych to v\u016fbec nedovolila n\u011bjak\u00fdm ciz\u00edm lidem, kte\u0159\u00ed jsou v politice. Ale kdy\u017e to tak vezmu, tak babi\u010dka mi taky \u0159\u00edkala, \u017ee se kolikr\u00e1t s d\u011bdou poh\u00e1dala kv\u016fli politice. A to hlavn\u011b, kdy\u017e byly volby na prezidenta. Na tohle byl pr\u00fd d\u011bda byl opravdu hodn\u011b h\u00e1kliv\u00fd a kdy\u017e nebylo po jeho, tak se vztekal a t\u0159eba t\u00fdden nad t\u00edm lamentoval a l\u00e1mal rukama a babi\u010dka z toho byla n\u011bkdy ne\u0161\u0165astn\u00e1. Proto byla babi\u010dka taky r\u00e1da, \u017ee prezident se vol\u00ed jednou za \u010dty\u0159i roky, a ne ka\u017ed\u00fd rok. Nicm\u00e9n\u011b v\u00e1m ale fakt nedoporu\u010duji, abyste se o politice bavili jen tak s n\u011bk\u00fdm, proto\u017ee n\u011bkdy se to opravdu nevyplat\u00ed. V\u017edy\u0165 sami v\u00edte, jak je to te\u010f za posledn\u00ed roky a m\u011bs\u00edce. Hodn\u011b se \u0159e\u0161\u00ed politika a jsou taky hrozn\u00e9\u00a0p\u0159\u00edpady zlo\u010din\u016f, kter\u00e9 se\u00a0kv\u016fli politice d\u011bj\u00ed. M\u011b se z toho chce n\u011bkdy bre\u010det, proto\u017ee v\u016fbec nech\u00e1pu, jak n\u011bkdo m\u016f\u017ee b\u00fdt, tak hrozn\u00fd a zahled\u011bn\u00fd s\u00e1m do sebe, \u017ee nebere ohled na druh\u00e9. Proto se o politiku moc nezaj\u00edm\u00e1m a sna\u017e\u00edm se do n\u00ed v\u016fbec\u00a0nezapojovat a ani p\u0159isp\u00edvat sv\u00fdmi n\u00e1zory a argumenty.\u00a0                                                                                                                                                                                                                                                                                                                                                                                                "},{"@context":"https:\/\/schema.org\/","@type":"BreadcrumbList","itemListElement":[{"@type":"ListItem","position":1,"name":"Co vy a politika?","item":"https:\/\/www.illusio.cz\/co-vy-a-politika\/#breadcrumbitem"}]}]